{"id":7499,"date":"2026-01-22T14:56:31","date_gmt":"2026-01-22T13:56:31","guid":{"rendered":"https:\/\/schaffer-partner.de\/?p=7499"},"modified":"2026-04-13T13:51:29","modified_gmt":"2026-04-13T11:51:29","slug":"nuernberger-unternehmer-kongress-2026-zukunft-ist-was-wir-daraus-machen","status":"publish","type":"post","link":"https:\/\/schaffer-partner.de\/en\/kanzlei-news\/nuernberger-unternehmer-kongress-2026-zukunft-ist-was-wir-daraus-machen\/","title":{"rendered":"N\u00fcrnberger Unternehmer-Kongress 2026: Zukunft ist, was wir daraus machen."},"content":{"rendered":"<p><\/p>\n\n\n\n<p>The <strong><a href=\"https:\/\/unternehmer-kongress.de\/\" target=\"_blank\" rel=\"noopener\">N\u00fcrnberger Unternehmer-Kongress 2026<\/a><\/strong> hat auch in diesem Jahr gezeigt, wie gro\u00df der Bedarf an Orientierung, pers\u00f6nlichem Austausch und fundierten Diskussionen im Mittelstand ist. Mehr als 450 Unternehmerinnen und Unternehmer kamen am 19. Januar 2026 im NCC Ost der N\u00fcrnbergMesse zusammen, am Abend folgten rund 900 G\u00e4ste beim Neujahrsempfang der mittelst\u00e4ndischen Wirtschaft.<\/p>\n\n\n\n<p>Unter dem Motto \u201eZukunft ist, was wir daraus machen\u201c stand ein Thema im Mittelpunkt, das viele Unternehmen aktuell bewegt: Wie lassen sich Verantwortung, unternehmerische Entscheidungen und langfristige Perspektiven in einem zunehmend komplexen Umfeld zusammenbringen?<\/p>\n\n\n\n<p><\/p>\n\n\n\n<h2 class=\"wp-block-heading\">Jahresauftakt mit klarer Haltung<\/h2>\n\n\n\n<p>Der N\u00fcrnberger Unternehmer-Kongress ist f\u00fcr Schaffer &amp; Partner seit Jahren ein fester Termin zum Jahresbeginn \u2013 nicht als klassische Konferenz, sondern als Plattform f\u00fcr offenen Dialog. Pers\u00f6nliche Begegnungen, ehrliche Gespr\u00e4che und unterschiedliche Perspektiven pr\u00e4gen das Format.<\/p>\n\n\n\n<p>In ihrer Er\u00f6ffnungsrede brachte Veranstalterin <strong>Sabine Michel<\/strong> diesen Anspruch auf den Punkt: Zukunft entstehe dort, wo Verantwortung \u00fcbernommen und Entscheidungen bewusst getroffen werden \u2013 gemeinsam, nicht isoliert.<\/p>\n\n\n\n<p><\/p>\n\n\n\n<h2 class=\"wp-block-heading\">Keynotes: Zukunft denken \u2013 Entscheidungen treffen<\/h2>\n\n\n\n<p>Drei Keynotes setzten inhaltliche Akzente:<\/p>\n\n\n\n<ul class=\"wp-block-list\">\n<li><strong>Bernd Krebs, toolcraft AG <\/strong>zeigte, dass Innovation im Mittelstand weniger eine Frage von Technologie ist als von Haltung, Unternehmergeist und langfristigem Denken.<\/li>\n\n\n\n<li><strong>Prof. Dr. Maximilian Lude<\/strong> sprach \u00fcber strategische Zukunftsbilder und die Notwendigkeit, mit mehreren Szenarien zu arbeiten, statt sich auf Prognosen zu verlassen.<\/li>\n\n\n\n<li>Beim Neujahrsempfang betonte <strong>Stefan Leitz, Faber Castell AG<\/strong>, wie wichtig Kreativit\u00e4t und Identit\u00e4t f\u00fcr Unternehmen sind \u2013 gerade im Zeitalter von K\u00fcnstlicher Intelligenz.<\/li>\n<\/ul>\n\n\n\n<p><\/p>\n\n\n\n<h2 class=\"wp-block-heading\">Gespr\u00e4chskreise: Tiefe statt Oberfl\u00e4che<\/h2>\n\n\n\n<p>Ein zentrales Element des Kongresses waren auch in diesem Jahr die sieben parallel stattfindenden Gespr\u00e4chskreise. Sie boten Raum f\u00fcr vertiefte Diskussionen zu Themen, die den Mittelstand konkret betreffen \u2013 praxisnah und auf Augenh\u00f6he.<\/p>\n\n\n\n<h3 class=\"wp-block-heading\">Unternehmensnachfolge: mehr als ein formaler \u00dcbergang<\/h3>\n\n\n\n<p>In unserem Gespr\u00e4chskreis <strong>\u201eUnternehmensnachfolge in der Praxis\u201c<\/strong>  stand die Frage im Mittelpunkt, wie Nachfolgeprozesse im Mittelstand realistisch, verantwortungsvoll und nachhaltig gestaltet werden k\u00f6nnen.<\/p>\n\n\n\n<p>Deutlich wurde: Erfolgreiche Unternehmensnachfolge ist weit mehr als eine steuerliche oder rechtliche Aufgabe. Sie ist ein langfristiger Prozess, der strategische Weitsicht, klare Kommunikation und gegenseitiges Vertrauen erfordert \u2013 innerhalb der Unternehmerfamilie ebenso wie gegen\u00fcber Mitarbeitenden, Kunden und Gesch\u00e4ftspartnern.<\/p>\n\n\n\n<p>Praxisnahe Einblicke lieferte die <strong>SanData EDV-Systemhaus GmbH<\/strong>. <strong>Heinrich Straub<\/strong>, Gesch\u00e4ftsf\u00fchrer, und <strong>Franca Frank<\/strong>, Gesch\u00e4ftsf\u00fchrerin, berichteten offen \u00fcber ihre Erfahrungen im Nachfolgeprozess. Sie schilderten, wie wichtig fr\u00fchzeitige Vorbereitung, klare Rollenverteilung und ein gemeinsames Verst\u00e4ndnis von Verantwortung sind \u2013 insbesondere in einem technologiegetriebenen Umfeld, das zus\u00e4tzlich von Fachkr\u00e4ftemangel und hohem Ver\u00e4nderungsdruck gepr\u00e4gt ist.<\/p>\n\n\n\n<p>Der Austausch zeigte eindr\u00fccklich, dass Nachfolge nicht als einmaliger \u00dcbergabemoment verstanden werden sollte, sondern als Entwicklung, die Zeit braucht und aktiv gestaltet werden muss. Gerade die Verbindung aus externer Beratung, unternehmerischer Erfahrung und offenem Dialog machte den Gespr\u00e4chskreis zu einem wertvollen Impuls f\u00fcr viele Teilnehmende, die sich selbst mit dem Thema Nachfolge befassen \u2013 aktuell oder perspektivisch.<\/p>\n\n\n\n<p><\/p>\n\n\n\n<h2 class=\"wp-block-heading\">Politik, Wirtschaft und Netzwerk im Dialog<\/h2>\n\n\n\n<p>Der anschlie\u00dfende Neujahrsempfang der mittelst\u00e4ndischen Wirtschaft, erneut unter der Schirmherrschaft von <strong>Markus S\u00f6der<\/strong>, brachte Wirtschaft, Politik und Gesellschaft zusammen. N\u00fcrnbergs Oberb\u00fcrgermeister <strong>Marcus K\u00f6nig<\/strong> unterstrich die Bedeutung eines starken Mittelstands f\u00fcr wirtschaftliche Stabilit\u00e4t und gesellschaftlichen Zusammenhalt in der Region.<\/p>\n\n\n\n<p><\/p>\n\n\n\n<h2 class=\"wp-block-heading\">Austausch bleibt ein Erfolgsfaktor<\/h2>\n\n\n\n<p>Der N\u00fcrnberger Unternehmer-Kongress 2026 hat eindrucksvoll gezeigt, dass Zukunftsgestaltung im Mittelstand nicht allein durch Konzepte oder Tools gelingt. Entscheidend sind Menschen, Haltung und der Austausch auf Augenh\u00f6he.<\/p>\n\n\n\n<p>F\u00fcr <strong>Schaffer &amp; Partner<\/strong> war der Kongress erneut eine wertvolle Plattform, um Perspektiven zu teilen, Diskussionen anzusto\u00dfen und den Dialog rund um Unternehmensnachfolge und unternehmerische Verantwortung aktiv mitzugestalten.<\/p>\n\n\n\n<p>Vielen Dank an alle, die dabei waren und mit uns die Zukunftsfragen des Mittelstand diskutiert haben. Wir freuen uns darauf, den Dialog mit Ihnen fortzusetzen.<\/p>\n\n\n\n<p>Die Aufzeichnung unseres Gespr\u00e4chskreises steht bald online zur Verf\u00fcgung. Schreiben Sie uns gerne, wenn Sie Interesse haben.<\/p>","protected":false},"excerpt":{"rendered":"<p>Zukunft aktiv gestalten: Lesen Sie die Insights vom Unternehmer-Kongress 2026 zu Nachfolge-Strategien und Verantwortung im Mittelstand!<\/p>","protected":false},"author":8,"featured_media":7505,"comment_status":"closed","ping_status":"open","sticky":false,"template":"","format":"standard","meta":{"ocean_post_layout":"","ocean_both_sidebars_style":"","ocean_both_sidebars_content_width":0,"ocean_both_sidebars_sidebars_width":0,"ocean_sidebar":"","ocean_second_sidebar":"","ocean_disable_margins":"enable","ocean_add_body_class":"","ocean_shortcode_before_top_bar":"","ocean_shortcode_after_top_bar":"","ocean_shortcode_before_header":"","ocean_shortcode_after_header":"","ocean_has_shortcode":"","ocean_shortcode_after_title":"","ocean_shortcode_before_footer_widgets":"","ocean_shortcode_after_footer_widgets":"","ocean_shortcode_before_footer_bottom":"","ocean_shortcode_after_footer_bottom":"","ocean_display_top_bar":"default","ocean_display_header":"default","ocean_header_style":"","ocean_center_header_left_menu":"","ocean_custom_header_template":"","ocean_custom_logo":0,"ocean_custom_retina_logo":0,"ocean_custom_logo_max_width":0,"ocean_custom_logo_tablet_max_width":0,"ocean_custom_logo_mobile_max_width":0,"ocean_custom_logo_max_height":0,"ocean_custom_logo_tablet_max_height":0,"ocean_custom_logo_mobile_max_height":0,"ocean_header_custom_menu":"","ocean_menu_typo_font_family":"","ocean_menu_typo_font_subset":"","ocean_menu_typo_font_size":0,"ocean_menu_typo_font_size_tablet":0,"ocean_menu_typo_font_size_mobile":0,"ocean_menu_typo_font_size_unit":"px","ocean_menu_typo_font_weight":"","ocean_menu_typo_font_weight_tablet":"","ocean_menu_typo_font_weight_mobile":"","ocean_menu_typo_transform":"","ocean_menu_typo_transform_tablet":"","ocean_menu_typo_transform_mobile":"","ocean_menu_typo_line_height":0,"ocean_menu_typo_line_height_tablet":0,"ocean_menu_typo_line_height_mobile":0,"ocean_menu_typo_line_height_unit":"","ocean_menu_typo_spacing":0,"ocean_menu_typo_spacing_tablet":0,"ocean_menu_typo_spacing_mobile":0,"ocean_menu_typo_spacing_unit":"","ocean_menu_link_color":"","ocean_menu_link_color_hover":"","ocean_menu_link_color_active":"","ocean_menu_link_background":"","ocean_menu_link_hover_background":"","ocean_menu_link_active_background":"","ocean_menu_social_links_bg":"","ocean_menu_social_hover_links_bg":"","ocean_menu_social_links_color":"","ocean_menu_social_hover_links_color":"","ocean_disable_title":"default","ocean_disable_heading":"default","ocean_post_title":"","ocean_post_subheading":"","ocean_post_title_style":"","ocean_post_title_background_color":"","ocean_post_title_background":0,"ocean_post_title_bg_image_position":"","ocean_post_title_bg_image_attachment":"","ocean_post_title_bg_image_repeat":"","ocean_post_title_bg_image_size":"","ocean_post_title_height":0,"ocean_post_title_bg_overlay":0.5,"ocean_post_title_bg_overlay_color":"","ocean_disable_breadcrumbs":"default","ocean_breadcrumbs_color":"","ocean_breadcrumbs_separator_color":"","ocean_breadcrumbs_links_color":"","ocean_breadcrumbs_links_hover_color":"","ocean_display_footer_widgets":"default","ocean_display_footer_bottom":"default","ocean_custom_footer_template":"","ocean_post_oembed":"","ocean_post_self_hosted_media":"","ocean_post_video_embed":"","ocean_link_format":"","ocean_link_format_target":"self","ocean_quote_format":"","ocean_quote_format_link":"post","ocean_gallery_link_images":"on","ocean_gallery_id":[],"footnotes":""},"categories":[13],"tags":[243,240,167],"class_list":["post-7499","post","type-post","status-publish","format-standard","has-post-thumbnail","hentry","category-kanzlei-news","tag-gespraechskreis","tag-nuernberger-unternehmer-kongress","tag-unternehmensnachfolge","entry","has-media"],"_links":{"self":[{"href":"https:\/\/schaffer-partner.de\/en\/wp-json\/wp\/v2\/posts\/7499","targetHints":{"allow":["GET"]}}],"collection":[{"href":"https:\/\/schaffer-partner.de\/en\/wp-json\/wp\/v2\/posts"}],"about":[{"href":"https:\/\/schaffer-partner.de\/en\/wp-json\/wp\/v2\/types\/post"}],"author":[{"embeddable":true,"href":"https:\/\/schaffer-partner.de\/en\/wp-json\/wp\/v2\/users\/8"}],"replies":[{"embeddable":true,"href":"https:\/\/schaffer-partner.de\/en\/wp-json\/wp\/v2\/comments?post=7499"}],"version-history":[{"count":9,"href":"https:\/\/schaffer-partner.de\/en\/wp-json\/wp\/v2\/posts\/7499\/revisions"}],"predecessor-version":[{"id":7662,"href":"https:\/\/schaffer-partner.de\/en\/wp-json\/wp\/v2\/posts\/7499\/revisions\/7662"}],"wp:featuredmedia":[{"embeddable":true,"href":"https:\/\/schaffer-partner.de\/en\/wp-json\/wp\/v2\/media\/7505"}],"wp:attachment":[{"href":"https:\/\/schaffer-partner.de\/en\/wp-json\/wp\/v2\/media?parent=7499"}],"wp:term":[{"taxonomy":"category","embeddable":true,"href":"https:\/\/schaffer-partner.de\/en\/wp-json\/wp\/v2\/categories?post=7499"},{"taxonomy":"post_tag","embeddable":true,"href":"https:\/\/schaffer-partner.de\/en\/wp-json\/wp\/v2\/tags?post=7499"}],"curies":[{"name":"wp","href":"https:\/\/api.w.org\/{rel}","templated":true}]}}