{"id":7169,"date":"2025-02-14T10:55:47","date_gmt":"2025-02-14T09:55:47","guid":{"rendered":"https:\/\/schaffer-partner.de\/?p=7169"},"modified":"2026-04-13T13:21:20","modified_gmt":"2026-04-13T11:21:20","slug":"aufbewahrungspflichten-und-fristen-fuer-unternehmen","status":"publish","type":"post","link":"https:\/\/schaffer-partner.de\/en\/steuernews\/aufbewahrungspflichten-und-fristen-fuer-unternehmen\/","title":{"rendered":"Aufbewahrungspflichten und -fristen f\u00fcr Unternehmen"},"content":{"rendered":"<p>Zum Jahresbeginn stellt sich oft die Frage: Welche Unterlagen d\u00fcrfen entsorgt werden und welche m\u00fcssen aufbewahrt bleiben? Unsere <strong>Mandanteninformation<\/strong> liefert Ihnen eine klare \u00dcbersicht \u00fcber die wichtigsten Aufbewahrungspflichten und Fristen.<\/p>\n\n\n\n<p>Erfahren Sie, welche Unterlagen wie lange archiviert werden m\u00fcssen \u2013 ob gesch\u00e4ftliche E-Mails, Handelsbriefe oder steuerliche Dokumente. Au\u00dferdem erhalten Sie wertvolle Tipps zur sicheren Archivierung, den gesetzlichen Anforderungen und den neuesten Updates wie den GoBD-Vorgaben.<\/p>\n\n\n\n<p>Behalten Sie den \u00dcberblick \u00fcber komplexe Aufbewahrungsfristen, vermeiden rechtliche Risiken und erhalten hilfreiche Empfehlungen f\u00fcr Unternehmer und Privatpersonen.<\/p>\n\n\n\n<div style=\"height:35px\" aria-hidden=\"true\" class=\"wp-block-spacer\"><\/div>\n\n\n\n<p><strong><strong>Fordern Sie jetzt die aktuelle Mandanteninformation an und navigieren Sie sicher durch den \u201eDschungel\u201c der gesetzlichen Aufbewahrungspflichten<\/strong><\/strong>.<\/p>\n\n\n\n<ul class=\"wp-block-list\">\n<li>Aufbewahrungspflichten und -fristen im \u00dcberblick<\/li>\n\n\n\n<li>Liste mit den wichtigsten Aufbewahrungsfristen f\u00fcr Gesch\u00e4ftsdokumente<\/li>\n\n\n\n<li>Keine Aufbewahrungspflicht (Gesch\u00e4ftsunterlagen)<\/li>\n\n\n\n<li>Aufbewahrung privater Unterlagen \u2013 Empfehlungen<\/li>\n<\/ul>\n\n\n\n<p><strong>Kontaktieren Sie uns f\u00fcr weitere Informationen und Unterst\u00fctzung telefonisch unter 0911 \/ 95 99 8 -0 oder per E-Mail an&nbsp;<a href=\"mailto:nue@schaffer-partner.de\" target=\"_blank\" rel=\"noreferrer noopener\">nue@schaffer-partner.de<\/a>.<\/strong><\/p>\n\n\n\n<p><\/p>","protected":false},"excerpt":{"rendered":"<p>Erhalten Sie einen klaren \u00dcberblick \u00fcber gesetzliche Aufbewahrungspflichten, Fristen und Archivierungstipps f\u00fcr Unternehmer und Privatpersonen!<\/p>","protected":false},"author":8,"featured_media":7170,"comment_status":"closed","ping_status":"open","sticky":false,"template":"","format":"standard","meta":{"ocean_post_layout":"","ocean_both_sidebars_style":"","ocean_both_sidebars_content_width":0,"ocean_both_sidebars_sidebars_width":0,"ocean_sidebar":"0","ocean_second_sidebar":"0","ocean_disable_margins":"enable","ocean_add_body_class":"","ocean_shortcode_before_top_bar":"","ocean_shortcode_after_top_bar":"","ocean_shortcode_before_header":"","ocean_shortcode_after_header":"","ocean_has_shortcode":"","ocean_shortcode_after_title":"","ocean_shortcode_before_footer_widgets":"","ocean_shortcode_after_footer_widgets":"","ocean_shortcode_before_footer_bottom":"","ocean_shortcode_after_footer_bottom":"","ocean_display_top_bar":"default","ocean_display_header":"default","ocean_header_style":"","ocean_center_header_left_menu":"0","ocean_custom_header_template":"0","ocean_custom_logo":0,"ocean_custom_retina_logo":0,"ocean_custom_logo_max_width":0,"ocean_custom_logo_tablet_max_width":0,"ocean_custom_logo_mobile_max_width":0,"ocean_custom_logo_max_height":0,"ocean_custom_logo_tablet_max_height":0,"ocean_custom_logo_mobile_max_height":0,"ocean_header_custom_menu":"0","ocean_menu_typo_font_family":"0","ocean_menu_typo_font_subset":"","ocean_menu_typo_font_size":0,"ocean_menu_typo_font_size_tablet":0,"ocean_menu_typo_font_size_mobile":0,"ocean_menu_typo_font_size_unit":"px","ocean_menu_typo_font_weight":"","ocean_menu_typo_font_weight_tablet":"","ocean_menu_typo_font_weight_mobile":"","ocean_menu_typo_transform":"","ocean_menu_typo_transform_tablet":"","ocean_menu_typo_transform_mobile":"","ocean_menu_typo_line_height":0,"ocean_menu_typo_line_height_tablet":0,"ocean_menu_typo_line_height_mobile":0,"ocean_menu_typo_line_height_unit":"","ocean_menu_typo_spacing":0,"ocean_menu_typo_spacing_tablet":0,"ocean_menu_typo_spacing_mobile":0,"ocean_menu_typo_spacing_unit":"","ocean_menu_link_color":"","ocean_menu_link_color_hover":"","ocean_menu_link_color_active":"","ocean_menu_link_background":"","ocean_menu_link_hover_background":"","ocean_menu_link_active_background":"","ocean_menu_social_links_bg":"","ocean_menu_social_hover_links_bg":"","ocean_menu_social_links_color":"","ocean_menu_social_hover_links_color":"","ocean_disable_title":"default","ocean_disable_heading":"default","ocean_post_title":"","ocean_post_subheading":"","ocean_post_title_style":"","ocean_post_title_background_color":"","ocean_post_title_background":0,"ocean_post_title_bg_image_position":"","ocean_post_title_bg_image_attachment":"","ocean_post_title_bg_image_repeat":"","ocean_post_title_bg_image_size":"","ocean_post_title_height":0,"ocean_post_title_bg_overlay":0.5,"ocean_post_title_bg_overlay_color":"","ocean_disable_breadcrumbs":"default","ocean_breadcrumbs_color":"","ocean_breadcrumbs_separator_color":"","ocean_breadcrumbs_links_color":"","ocean_breadcrumbs_links_hover_color":"","ocean_display_footer_widgets":"default","ocean_display_footer_bottom":"default","ocean_custom_footer_template":"0","ocean_post_oembed":"","ocean_post_self_hosted_media":"","ocean_post_video_embed":"","ocean_link_format":"","ocean_link_format_target":"self","ocean_quote_format":"","ocean_quote_format_link":"post","ocean_gallery_link_images":"off","ocean_gallery_id":[],"footnotes":""},"categories":[14],"tags":[138,210,208,209,162,207,35,206,65],"class_list":["post-7169","post","type-post","status-publish","format-standard","has-post-thumbnail","hentry","category-steuernews","tag-abschreibungen","tag-beitragsbemessungsgrenze","tag-besteuerung","tag-e-bilanz","tag-e-rechnung","tag-gemeinnuetzigkeit","tag-photovoltaik","tag-solidaritaetszuschlag","tag-steuer","entry","has-media"],"_links":{"self":[{"href":"https:\/\/schaffer-partner.de\/en\/wp-json\/wp\/v2\/posts\/7169","targetHints":{"allow":["GET"]}}],"collection":[{"href":"https:\/\/schaffer-partner.de\/en\/wp-json\/wp\/v2\/posts"}],"about":[{"href":"https:\/\/schaffer-partner.de\/en\/wp-json\/wp\/v2\/types\/post"}],"author":[{"embeddable":true,"href":"https:\/\/schaffer-partner.de\/en\/wp-json\/wp\/v2\/users\/8"}],"replies":[{"embeddable":true,"href":"https:\/\/schaffer-partner.de\/en\/wp-json\/wp\/v2\/comments?post=7169"}],"version-history":[{"count":2,"href":"https:\/\/schaffer-partner.de\/en\/wp-json\/wp\/v2\/posts\/7169\/revisions"}],"predecessor-version":[{"id":7636,"href":"https:\/\/schaffer-partner.de\/en\/wp-json\/wp\/v2\/posts\/7169\/revisions\/7636"}],"wp:featuredmedia":[{"embeddable":true,"href":"https:\/\/schaffer-partner.de\/en\/wp-json\/wp\/v2\/media\/7170"}],"wp:attachment":[{"href":"https:\/\/schaffer-partner.de\/en\/wp-json\/wp\/v2\/media?parent=7169"}],"wp:term":[{"taxonomy":"category","embeddable":true,"href":"https:\/\/schaffer-partner.de\/en\/wp-json\/wp\/v2\/categories?post=7169"},{"taxonomy":"post_tag","embeddable":true,"href":"https:\/\/schaffer-partner.de\/en\/wp-json\/wp\/v2\/tags?post=7169"}],"curies":[{"name":"wp","href":"https:\/\/api.w.org\/{rel}","templated":true}]}}