{"id":6087,"date":"2023-02-02T16:38:59","date_gmt":"2023-02-02T15:38:59","guid":{"rendered":"https:\/\/schaffer-partner.de\/?p=6087"},"modified":"2026-04-13T12:03:04","modified_gmt":"2026-04-13T10:03:04","slug":"schaffer-partner-auf-dem-nuernberger-unternehmer-kongress","status":"publish","type":"post","link":"https:\/\/schaffer-partner.de\/en\/kanzlei-news\/schaffer-partner-auf-dem-nuernberger-unternehmer-kongress\/","title":{"rendered":"Schaffer &#038; Partner auf dem N\u00fcrnberger Unternehmer-Kongress"},"content":{"rendered":"<p>Der 11. N\u00fcrnberger Unternehmer-Kongress mit anschlie\u00dfendem Neujahrsempfang Ende Januar war ein voller Erfolg f\u00fcr Unternehmer, Gr\u00fcnder, Entscheider und F\u00fchrungskr\u00e4fte aus s\u00e4mtlichen Branchen. Trotz Krisen und Pandemie-Pause gab es dieses Jahr so viele Besucher wie nie zuvor.<\/p>\n\n\n\n<h2 class=\"wp-block-heading\"><strong>Unternehmensentwicklung in Krisenzeiten \u2013 ein polarisierendes Thema<\/strong><\/h2>\n\n\n\n<p>Schaffer &amp; Partner war auch dieses Jahr wieder als Hauptsponsor mit dabei und vertrat dar\u00fcber hinaus einen der sechs Gespr\u00e4chskreise. Den Gespr\u00e4chskreis \u201eUnternehmensentwicklung in schwierigen Zeiten \u2013 machen statt jammern!\u201c hat unser Partner Klaus Heinrich von Schaffer &amp; Collegen in Zusammenarbeit mit Uwe Feser von der Feser-Graf-Gruppe \u00fcbernommen und damit ein Thema angesto\u00dfen, das am 23. Januar in der N\u00fcrnbergMesse hei\u00df diskutiert wurde. Der Vortrag von Klaus Heinrich und Uwe Feser mit anschlie\u00dfender Diskussionsrunde hat bei den Teilnehmern zu spannenden Erkenntnissen gef\u00fchrt und sicher zu mehr Mut in der Unternehmensentwicklung beigetragen.<\/p>\n\n\n\n<h2 class=\"wp-block-heading\"><strong>Die Highlights des 11. N\u00fcrnberger Unternehmer-Kongress<\/strong>es<\/h2>\n\n\n\n<p>Diesen und alle anderen Gespr\u00e4chskreise gibt es zum Streamen. Schauen Sie sich au\u00dferdem gerne alle Highlights des 11. N\u00fcrnberger Unternehmer-Kongress 2023 auf der offiziellen <a href=\"https:\/\/www.unternehmer-kongress.de\/\" target=\"_blank\" data-type=\"link\" data-id=\"https:\/\/www.unternehmer-kongress.de\/\" rel=\"noreferrer noopener\">Website <\/a>an.<\/p>\n\n\n\n<p>Dort finden Sie noch einmal das komplette Programm, die prominenten Speaker sowie zahlreiche Bilder sowohl von der Tages- als auch der Abendveranstaltung. Wir sind auch n\u00e4chstes Jahr wieder auf dem N\u00fcrnberger Unternehmer-Kongress und hoffen, Sie ebenfalls vor Ort begr\u00fc\u00dfen zu d\u00fcrfen.<\/p>","protected":false},"excerpt":{"rendered":"<p>Der 11. N\u00fcrnberger Unternehmer-Kongress mit anschlie\u00dfendem Neujahrsempfang war ein voller Erfolg f\u00fcr Unternehmer, Gr\u00fcnder, Entscheider und F\u00fchrungskr\u00e4fte aus s\u00e4mtlichen Branchen. <\/p>","protected":false},"author":8,"featured_media":6089,"comment_status":"closed","ping_status":"open","sticky":false,"template":"","format":"standard","meta":{"ocean_post_layout":"","ocean_both_sidebars_style":"","ocean_both_sidebars_content_width":0,"ocean_both_sidebars_sidebars_width":0,"ocean_sidebar":"0","ocean_second_sidebar":"0","ocean_disable_margins":"enable","ocean_add_body_class":"","ocean_shortcode_before_top_bar":"","ocean_shortcode_after_top_bar":"","ocean_shortcode_before_header":"","ocean_shortcode_after_header":"","ocean_has_shortcode":"","ocean_shortcode_after_title":"","ocean_shortcode_before_footer_widgets":"","ocean_shortcode_after_footer_widgets":"","ocean_shortcode_before_footer_bottom":"","ocean_shortcode_after_footer_bottom":"","ocean_display_top_bar":"default","ocean_display_header":"default","ocean_header_style":"","ocean_center_header_left_menu":"0","ocean_custom_header_template":"0","ocean_custom_logo":0,"ocean_custom_retina_logo":0,"ocean_custom_logo_max_width":0,"ocean_custom_logo_tablet_max_width":0,"ocean_custom_logo_mobile_max_width":0,"ocean_custom_logo_max_height":0,"ocean_custom_logo_tablet_max_height":0,"ocean_custom_logo_mobile_max_height":0,"ocean_header_custom_menu":"0","ocean_menu_typo_font_family":"0","ocean_menu_typo_font_subset":"","ocean_menu_typo_font_size":0,"ocean_menu_typo_font_size_tablet":0,"ocean_menu_typo_font_size_mobile":0,"ocean_menu_typo_font_size_unit":"px","ocean_menu_typo_font_weight":"","ocean_menu_typo_font_weight_tablet":"","ocean_menu_typo_font_weight_mobile":"","ocean_menu_typo_transform":"","ocean_menu_typo_transform_tablet":"","ocean_menu_typo_transform_mobile":"","ocean_menu_typo_line_height":0,"ocean_menu_typo_line_height_tablet":0,"ocean_menu_typo_line_height_mobile":0,"ocean_menu_typo_line_height_unit":"","ocean_menu_typo_spacing":0,"ocean_menu_typo_spacing_tablet":0,"ocean_menu_typo_spacing_mobile":0,"ocean_menu_typo_spacing_unit":"","ocean_menu_link_color":"","ocean_menu_link_color_hover":"","ocean_menu_link_color_active":"","ocean_menu_link_background":"","ocean_menu_link_hover_background":"","ocean_menu_link_active_background":"","ocean_menu_social_links_bg":"","ocean_menu_social_hover_links_bg":"","ocean_menu_social_links_color":"","ocean_menu_social_hover_links_color":"","ocean_disable_title":"default","ocean_disable_heading":"default","ocean_post_title":"","ocean_post_subheading":"","ocean_post_title_style":"","ocean_post_title_background_color":"","ocean_post_title_background":0,"ocean_post_title_bg_image_position":"","ocean_post_title_bg_image_attachment":"","ocean_post_title_bg_image_repeat":"","ocean_post_title_bg_image_size":"","ocean_post_title_height":0,"ocean_post_title_bg_overlay":0.5,"ocean_post_title_bg_overlay_color":"","ocean_disable_breadcrumbs":"default","ocean_breadcrumbs_color":"","ocean_breadcrumbs_separator_color":"","ocean_breadcrumbs_links_color":"","ocean_breadcrumbs_links_hover_color":"","ocean_display_footer_widgets":"default","ocean_display_footer_bottom":"default","ocean_custom_footer_template":"0","ocean_post_oembed":"","ocean_post_self_hosted_media":"","ocean_post_video_embed":"","ocean_link_format":"","ocean_link_format_target":"self","ocean_quote_format":"","ocean_quote_format_link":"post","ocean_gallery_link_images":"off","ocean_gallery_id":[],"footnotes":""},"categories":[13],"tags":[32,33,31],"class_list":["post-6087","post","type-post","status-publish","format-standard","has-post-thumbnail","hentry","category-kanzlei-news","tag-hauptsponsor","tag-neujahrsempfang","tag-unternehmer-kongress","entry","has-media"],"_links":{"self":[{"href":"https:\/\/schaffer-partner.de\/en\/wp-json\/wp\/v2\/posts\/6087","targetHints":{"allow":["GET"]}}],"collection":[{"href":"https:\/\/schaffer-partner.de\/en\/wp-json\/wp\/v2\/posts"}],"about":[{"href":"https:\/\/schaffer-partner.de\/en\/wp-json\/wp\/v2\/types\/post"}],"author":[{"embeddable":true,"href":"https:\/\/schaffer-partner.de\/en\/wp-json\/wp\/v2\/users\/8"}],"replies":[{"embeddable":true,"href":"https:\/\/schaffer-partner.de\/en\/wp-json\/wp\/v2\/comments?post=6087"}],"version-history":[{"count":5,"href":"https:\/\/schaffer-partner.de\/en\/wp-json\/wp\/v2\/posts\/6087\/revisions"}],"predecessor-version":[{"id":7589,"href":"https:\/\/schaffer-partner.de\/en\/wp-json\/wp\/v2\/posts\/6087\/revisions\/7589"}],"wp:featuredmedia":[{"embeddable":true,"href":"https:\/\/schaffer-partner.de\/en\/wp-json\/wp\/v2\/media\/6089"}],"wp:attachment":[{"href":"https:\/\/schaffer-partner.de\/en\/wp-json\/wp\/v2\/media?parent=6087"}],"wp:term":[{"taxonomy":"category","embeddable":true,"href":"https:\/\/schaffer-partner.de\/en\/wp-json\/wp\/v2\/categories?post=6087"},{"taxonomy":"post_tag","embeddable":true,"href":"https:\/\/schaffer-partner.de\/en\/wp-json\/wp\/v2\/tags?post=6087"}],"curies":[{"name":"wp","href":"https:\/\/api.w.org\/{rel}","templated":true}]}}