{"id":3989,"date":"2022-07-04T13:30:00","date_gmt":"2022-07-04T11:30:00","guid":{"rendered":"https:\/\/schaffer.isd-internet.de\/?p=3989"},"modified":"2025-03-18T15:13:27","modified_gmt":"2025-03-18T14:13:27","slug":"mandanten-info-kurzarbeit","status":"publish","type":"post","link":"https:\/\/schaffer-partner.de\/en\/steuernews\/mandanten-info-kurzarbeit\/","title":{"rendered":"Kurzarbeit: In Krisenzeiten flexibel reagieren"},"content":{"rendered":"<p><strong>Rettungsanker in Krisenzeiten und rechtliche Herausforderung f\u00fcr Arbeitgeber.<\/strong><\/p>\n\n\n\n<p>Kurzarbeit hat sich sowohl w\u00e4hrend der Finanzkrise 2009\/2010 als auch in der Corona-Pandemie als effektives Instrument f\u00fcr Arbeitgeber erwiesen, um auf tempor\u00e4re Arbeitsr\u00fcckg\u00e4nge zu reagieren und Entlassungen von Fachkr\u00e4ften zu vermeiden. Der Gesetzgeber hat zu Beginn der COVID-19-Krise den Zugang zu Kurzarbeitergeld erleichtert, wodurch Unternehmen von Gro\u00dfkonzernen bis hin zu kleinen Betrieben unterst\u00fctzt wurden, mit Verl\u00e4ngerungen der Regelungen bis Mitte 2022. Trotz der Flexibilit\u00e4t, die Kurzarbeit bietet, erfordert ihre Implementierung eine solide rechtliche Grundlage, da sie eine Abweichung von den bestehenden Arbeitsvertr\u00e4gen darstellt.<\/p>\n\n\n\n<p><strong>Fordern Sie jetzt die aktuelle Mandanten-Info mit weiterf\u00fchrenden Inhalten bei uns an:<\/strong><\/p>\n\n\n\n<ul class=\"wp-block-list\" start=\"3\">\n<li>Arbeitsrechtliche Grundlagen zur Einf\u00fchrung von Kurzarbeit<\/li>\n\n\n\n<li>Besch\u00e4ftigungsanspruch und Betriebsrisikolehre<\/li>\n\n\n\n<li>Rechtsgrundlagen zur Einf\u00fchrung der Kurzarbeit<\/li>\n\n\n\n<li>Zwingende Mitbestimmung des Betriebsrats<\/li>\n\n\n\n<li>Gew\u00e4hrung von Kurzarbeitergeld<\/li>\n\n\n\n<li>Voraussetzungen f\u00fcr die Gew\u00e4hrung von konjunkturellem Kurzarbeitergeld nach \u00a7 95 SGB III<\/li>\n\n\n\n<li>Bemessung des Kurzarbeitergeldes<\/li>\n\n\n\n<li>Anspruchsdauer<\/li>\n\n\n\n<li>Antrag auf Gew\u00e4hrung von Kurzarbeitergeld<\/li>\n\n\n\n<li>Lohnsteuer und Sozialversicherung<\/li>\n\n\n\n<li>Lohnsteuer<\/li>\n\n\n\n<li>Beitr\u00e4ge zur Sozialversicherung<\/li>\n<\/ul>\n\n\n\n<p><strong>F\u00fcr Details zur Kurzarbeit sollten Sie sich mit uns beraten. Kontaktieren Sie uns f\u00fcr weitere Informationen und Unterst\u00fctzung telefonisch unter 0911 \/ 95 99 8 -0 oder <a href=\"mailto:nue@schaffer-partner.de\">nue@schaffer-partner.de<\/a>.<\/strong><\/p>","protected":false},"excerpt":{"rendered":"<p>Rettungsanker in Krisenzeiten und rechtliche Herausforderung f\u00fcr Arbeitgeber.<\/p>","protected":false},"author":8,"featured_media":3987,"comment_status":"open","ping_status":"open","sticky":false,"template":"","format":"standard","meta":{"ocean_post_layout":"","ocean_both_sidebars_style":"","ocean_both_sidebars_content_width":0,"ocean_both_sidebars_sidebars_width":0,"ocean_sidebar":"0","ocean_second_sidebar":"0","ocean_disable_margins":"enable","ocean_add_body_class":"","ocean_shortcode_before_top_bar":"","ocean_shortcode_after_top_bar":"","ocean_shortcode_before_header":"","ocean_shortcode_after_header":"","ocean_has_shortcode":"","ocean_shortcode_after_title":"","ocean_shortcode_before_footer_widgets":"","ocean_shortcode_after_footer_widgets":"","ocean_shortcode_before_footer_bottom":"","ocean_shortcode_after_footer_bottom":"","ocean_display_top_bar":"default","ocean_display_header":"default","ocean_header_style":"","ocean_center_header_left_menu":"0","ocean_custom_header_template":"0","ocean_custom_logo":0,"ocean_custom_retina_logo":0,"ocean_custom_logo_max_width":0,"ocean_custom_logo_tablet_max_width":0,"ocean_custom_logo_mobile_max_width":0,"ocean_custom_logo_max_height":0,"ocean_custom_logo_tablet_max_height":0,"ocean_custom_logo_mobile_max_height":0,"ocean_header_custom_menu":"0","ocean_menu_typo_font_family":"0","ocean_menu_typo_font_subset":"","ocean_menu_typo_font_size":0,"ocean_menu_typo_font_size_tablet":0,"ocean_menu_typo_font_size_mobile":0,"ocean_menu_typo_font_size_unit":"px","ocean_menu_typo_font_weight":"","ocean_menu_typo_font_weight_tablet":"","ocean_menu_typo_font_weight_mobile":"","ocean_menu_typo_transform":"","ocean_menu_typo_transform_tablet":"","ocean_menu_typo_transform_mobile":"","ocean_menu_typo_line_height":0,"ocean_menu_typo_line_height_tablet":0,"ocean_menu_typo_line_height_mobile":0,"ocean_menu_typo_line_height_unit":"","ocean_menu_typo_spacing":0,"ocean_menu_typo_spacing_tablet":0,"ocean_menu_typo_spacing_mobile":0,"ocean_menu_typo_spacing_unit":"","ocean_menu_link_color":"","ocean_menu_link_color_hover":"","ocean_menu_link_color_active":"","ocean_menu_link_background":"","ocean_menu_link_hover_background":"","ocean_menu_link_active_background":"","ocean_menu_social_links_bg":"","ocean_menu_social_hover_links_bg":"","ocean_menu_social_links_color":"","ocean_menu_social_hover_links_color":"","ocean_disable_title":"default","ocean_disable_heading":"default","ocean_post_title":"","ocean_post_subheading":"","ocean_post_title_style":"","ocean_post_title_background_color":"","ocean_post_title_background":0,"ocean_post_title_bg_image_position":"","ocean_post_title_bg_image_attachment":"","ocean_post_title_bg_image_repeat":"","ocean_post_title_bg_image_size":"","ocean_post_title_height":0,"ocean_post_title_bg_overlay":0.5,"ocean_post_title_bg_overlay_color":"","ocean_disable_breadcrumbs":"default","ocean_breadcrumbs_color":"","ocean_breadcrumbs_separator_color":"","ocean_breadcrumbs_links_color":"","ocean_breadcrumbs_links_hover_color":"","ocean_display_footer_widgets":"default","ocean_display_footer_bottom":"default","ocean_custom_footer_template":"0","ocean_post_oembed":"","ocean_post_self_hosted_media":"","ocean_post_video_embed":"","ocean_link_format":"","ocean_link_format_target":"self","ocean_quote_format":"","ocean_quote_format_link":"post","ocean_gallery_link_images":"off","ocean_gallery_id":[],"footnotes":""},"categories":[14],"tags":[],"class_list":["post-3989","post","type-post","status-publish","format-standard","has-post-thumbnail","hentry","category-steuernews","entry","has-media"],"_links":{"self":[{"href":"https:\/\/schaffer-partner.de\/en\/wp-json\/wp\/v2\/posts\/3989","targetHints":{"allow":["GET"]}}],"collection":[{"href":"https:\/\/schaffer-partner.de\/en\/wp-json\/wp\/v2\/posts"}],"about":[{"href":"https:\/\/schaffer-partner.de\/en\/wp-json\/wp\/v2\/types\/post"}],"author":[{"embeddable":true,"href":"https:\/\/schaffer-partner.de\/en\/wp-json\/wp\/v2\/users\/8"}],"replies":[{"embeddable":true,"href":"https:\/\/schaffer-partner.de\/en\/wp-json\/wp\/v2\/comments?post=3989"}],"version-history":[{"count":8,"href":"https:\/\/schaffer-partner.de\/en\/wp-json\/wp\/v2\/posts\/3989\/revisions"}],"predecessor-version":[{"id":7200,"href":"https:\/\/schaffer-partner.de\/en\/wp-json\/wp\/v2\/posts\/3989\/revisions\/7200"}],"wp:featuredmedia":[{"embeddable":true,"href":"https:\/\/schaffer-partner.de\/en\/wp-json\/wp\/v2\/media\/3987"}],"wp:attachment":[{"href":"https:\/\/schaffer-partner.de\/en\/wp-json\/wp\/v2\/media?parent=3989"}],"wp:term":[{"taxonomy":"category","embeddable":true,"href":"https:\/\/schaffer-partner.de\/en\/wp-json\/wp\/v2\/categories?post=3989"},{"taxonomy":"post_tag","embeddable":true,"href":"https:\/\/schaffer-partner.de\/en\/wp-json\/wp\/v2\/tags?post=3989"}],"curies":[{"name":"wp","href":"https:\/\/api.w.org\/{rel}","templated":true}]}}